{"id":289,"date":"2026-07-31T15:08:23","date_gmt":"2026-07-31T15:08:23","guid":{"rendered":"https:\/\/celebmagazine.de\/news\/?p=289"},"modified":"2026-07-31T15:08:23","modified_gmt":"2026-07-31T15:08:23","slug":"wenn-der-kopf-nicht-mehr-abschaltet-was-ein-anti-stress-retreat-wirklich-bewirkt","status":"publish","type":"post","link":"https:\/\/celebmagazine.de\/news\/wenn-der-kopf-nicht-mehr-abschaltet-was-ein-anti-stress-retreat-wirklich-bewirkt\/","title":{"rendered":"Wenn der Kopf nicht mehr abschaltet: Was ein Anti-Stress-Retreat wirklich bewirkt"},"content":{"rendered":"<p><span style=\"font-weight: 400;\">Es gibt diesen Moment, den die meisten Berufst\u00e4tigen kennen: Der Feierabend ist l\u00e4ngst da, der Laptop zugeklappt, und trotzdem dreht sich im Kopf weiter das Gedankenkarussell. Man liegt wach, geht gedanklich die Liste f\u00fcr morgen durch, und der Schlaf, der eigentlich Erholung bringen sollte, bleibt flach und unruhig. Chronischer Stress meldet sich selten mit einem lauten Knall. Er schleicht sich \u00fcber Wochen und Monate ein, bis Ersch\u00f6pfung, Reizbarkeit und ein st\u00e4ndiges Gef\u00fchl von Anspannung zum Normalzustand geworden sind.<\/span><\/p>\n<p><span style=\"font-weight: 400;\">Die Symptome sind dabei oft unspezifisch: Kopfschmerzen, die sich durch keine Tablette wirklich l\u00f6sen lassen, ein Magen, der st\u00e4ndig angespannt scheint, ein Immunsystem, das jede Erk\u00e4ltung durchl\u00e4sst, weil die Reserven aufgebraucht sind. Viele Betroffene gew\u00f6hnen sich so sehr an diesen Zustand, dass sie ihn kaum noch als behandlungsbed\u00fcrftig wahrnehmen, bis der K\u00f6rper mit deutlicheren Signalen reagiert: Schlafst\u00f6rungen, die \u00fcber Wochen anhalten, Konzentrationsprobleme im Arbeitsalltag oder eine Ersch\u00f6pfung, die auch nach einer durchgeschlafenen Nacht nicht verschwindet.<\/span><\/p>\n<p><span style=\"font-weight: 400;\">Genau an diesem Punkt setzt das Anti-Stress-Programm der Revita Clinic in Roga\u0161ka Slatina an, einem der \u00e4ltesten Kurorte Sloweniens, eingebettet in W\u00e4lder und Parks, die schon vor \u00fcber hundert Jahren als Ort der Erholung galten. Wer sich f\u00fcr dieses <\/span><a href=\"https:\/\/revita-clinic.eu\/programs\/anti-stress\/\" target=\"_blank\" rel=\"noopener\"><span style=\"font-weight: 400;\">anti-stress retreat Europe<\/span><\/a><span style=\"font-weight: 400;\"> entscheidet, bekommt kein austauschbares Wellnesswochenende, sondern ein medizinisch begleitetes Programm, das an den Ursachen ansetzt statt nur an den Symptomen.<\/span><\/p>\n<h2><span style=\"font-weight: 400;\">Diagnostik vor Entspannung<\/span><\/h2>\n<p><span style=\"font-weight: 400;\">Der Unterschied zeigt sich schon am ersten Tag. Statt direkt in Massagen und Saunag\u00e4nge zu starten, steht zun\u00e4chst eine umfassende Diagnostik am Anfang: Laborwerte, ein Gespr\u00e4ch mit dem behandelnden Arzt, eine Einsch\u00e4tzung des k\u00f6rperlichen und emotionalen Zustands. Erst danach wird ein individueller Behandlungsplan erstellt, der Entspannungsverfahren, Physiotherapie, eine speziell abgestimmte Ern\u00e4hrung und eine Trinkkur mit dem mineralstoffreichen Donat-Mg-Wasser kombiniert, f\u00fcr das Roga\u0161ka Slatina seit Jahrzehnten bekannt ist.<\/span><\/p>\n<p><span style=\"font-weight: 400;\">Diese Kombination ist kein Zufall. Magnesiummangel gilt als einer der untersch\u00e4tzten Faktoren bei stressbedingten Beschwerden: Er verst\u00e4rkt Nervosit\u00e4t, st\u00f6rt den Schlaf und erschwert es dem K\u00f6rper, sich nach Belastungsphasen zu regenerieren. Die Trinkkur soll genau hier ansetzen, w\u00e4hrend Physiotherapie und gezielte Entspannungs\u00fcbungen die k\u00f6rperliche Anspannung l\u00f6sen, die sich bei den meisten Dauerstress-Patienten in Nacken, Schultern und R\u00fccken festsetzt.<\/span><\/p>\n<h2><span style=\"font-weight: 400;\">Ein Umfeld, das mitarbeitet<\/span><\/h2>\n<p><span style=\"font-weight: 400;\">Untergebracht sind die G\u00e4ste in einer komfortablen Suite mit Blick auf Wald oder Park, weit weg vom Verkehrsl\u00e4rm und den Ablenkungen, die den Kopf sonst niemals zur Ruhe kommen lassen. Auch die Verpflegung ist Teil des Konzepts: Im hauseigenen Restaurant Donatella wird nach den Prinzipien der Anti-Stress-Ern\u00e4hrung gekocht, mit Fokus auf Lebensmittel, die den Nervenstoffwechsel unterst\u00fctzen und Blutzuckerschwankungen vermeiden, die Stimmung und Energielevel zus\u00e4tzlich belasten k\u00f6nnen.<\/span><\/p>\n<p><span style=\"font-weight: 400;\">Was das Programm von einem gew\u00f6hnlichen Spa-Aufenthalt unterscheidet, ist die durchgehende \u00e4rztliche Begleitung. Jede Phase der Behandlung wird von erfahrenen Fach\u00e4rzten \u00fcberwacht, die den Fortschritt dokumentieren und die Therapie bei Bedarf anpassen. Am Ende des Aufenthalts erh\u00e4lt jeder Gast eine sogenannte Personal Health Card, ein medizinisches Dokument mit s\u00e4mtlichen Laborergebnissen, den Protokollen aller Fachkonsultationen und konkreten Empfehlungen f\u00fcr Ern\u00e4hrung und Lebensstil, die auch nach der Abreise weiter gelten.<\/span><\/p>\n<h2><span style=\"font-weight: 400;\">F\u00fcr wen sich das Programm eignet<\/span><\/h2>\n<p><span style=\"font-weight: 400;\">Vor allem f\u00fcr Menschen, die sp\u00fcren, dass klassische Erholung, ein verl\u00e4ngertes Wochenende, ein Urlaub am Strand, nicht mehr ausreicht, um wirklich abzuschalten. F\u00fchrungskr\u00e4fte mit Dauerbelastung, Selbstst\u00e4ndige ohne klare Grenze zwischen Arbeit und Freizeit, aber auch Menschen in beruflichen oder privaten Umbruchphasen, die k\u00f6rperlich sp\u00fcren, dass ihr System an seine Grenzen kommt, finden hier einen strukturierten Weg zur\u00fcck zur Balance.<\/span><\/p>\n<p><span style=\"font-weight: 400;\">Die Lage in Slowenien macht den Aufenthalt zus\u00e4tzlich attraktiv: Roga\u0161ka Slatina ist von Wien, Zagreb oder Graz aus gut erreichbar, fernab vom Massentourismus, aber mit der medizinischen Infrastruktur eines etablierten Kurorts. Die Kommunikation l\u00e4uft durchgehend auf Englisch, das gesamte Team ist auf internationale G\u00e4ste eingestellt, und die Privatsph\u00e4re der Klinik wird konsequent gewahrt. Vor der Anreise erfolgt zudem ein Beratungsgespr\u00e4ch mit einem pers\u00f6nlichen Wellness-Consultant, der Bed\u00fcrfnisse und m\u00f6gliche Kontraindikationen abkl\u00e4rt, sodass das Programm von Anfang an auf die individuelle Situation zugeschnitten ist. Wer m\u00f6chte, kann den Aufenthalt au\u00dferdem mit anderen Programmen der Klinik verbinden, etwa dem Cardio-Programm f\u00fcr alle, die neben der psychischen auch die kardiovaskul\u00e4re Gesundheit im Blick behalten wollen.<\/span><\/p>\n<p><span style=\"font-weight: 400;\">Wie lange ein Aufenthalt dauert, h\u00e4ngt vom individuellen Befund ab. K\u00fcrzere Programme \u00fcber drei bis f\u00fcnf Tage eignen sich f\u00fcr alle, die einen ersten Reset brauchen und mit einer klaren Standortbestimmung nach Hause fahren wollen. Wer tiefer sitzenden, langj\u00e4hrigen Stress abbauen m\u00f6chte, profitiert eher von einer Woche oder l\u00e4nger, weil sich Trinkkur, Physiotherapie und Ern\u00e4hrungsumstellung erst \u00fcber mehrere Tage hinweg voll entfalten. Die genaue Dauer wird gemeinsam mit dem behandelnden Arzt nach der Eingangsdiagnostik festgelegt, nicht vorab am Schreibtisch.<\/span><\/p>\n<h2><span style=\"font-weight: 400;\">Kein Kurzurlaub, sondern ein Plan<\/span><\/h2>\n<p><span style=\"font-weight: 400;\">Am Ende geht es bei diesem Programm nicht darum, f\u00fcr ein paar Tage dem Alltag zu entfliehen und danach in die gleichen Muster zur\u00fcckzufallen. Es geht darum, mit einem klaren Befund in der Hand und einem konkreten Plan im Kopf nach Hause zu fahren und zu wissen, welche Stellschrauben man selbst in der Hand hat, um die n\u00e4chste stressige Phase besser abzufedern. Wer schon einmal versucht hat, Stress allein mit Willenskraft in den Griff zu bekommen, wei\u00df, wie selten das dauerhaft gelingt. Ein strukturiertes, medizinisch fundiertes Programm wie dieses schafft stattdessen die Grundlage, auf der echte Ver\u00e4nderung m\u00f6glich wird.<\/span><\/p>\n","protected":false},"excerpt":{"rendered":"<p>Es gibt diesen Moment, den die meisten Berufst\u00e4tigen kennen: Der Feierabend ist l\u00e4ngst da, der Laptop zugeklappt, und trotzdem dreht sich im Kopf weiter das Gedankenkarussell. Man liegt wach, geht gedanklich die Liste f\u00fcr morgen durch, und der Schlaf, der eigentlich Erholung bringen sollte, bleibt flach und unruhig. Chronischer Stress meldet sich selten mit einem &#8230; <a title=\"Wenn der Kopf nicht mehr abschaltet: Was ein Anti-Stress-Retreat wirklich bewirkt\" class=\"read-more\" href=\"https:\/\/celebmagazine.de\/news\/wenn-der-kopf-nicht-mehr-abschaltet-was-ein-anti-stress-retreat-wirklich-bewirkt\/\" aria-label=\"Read more about Wenn der Kopf nicht mehr abschaltet: Was ein Anti-Stress-Retreat wirklich bewirkt\">Read more<\/a><\/p>\n","protected":false},"author":17,"featured_media":290,"comment_status":"open","ping_status":"open","sticky":false,"template":"","format":"standard","meta":{"footnotes":""},"categories":[4],"tags":[],"class_list":["post-289","post","type-post","status-publish","format-standard","has-post-thumbnail","hentry","category-lifestyle"],"_links":{"self":[{"href":"https:\/\/celebmagazine.de\/news\/wp-json\/wp\/v2\/posts\/289","targetHints":{"allow":["GET"]}}],"collection":[{"href":"https:\/\/celebmagazine.de\/news\/wp-json\/wp\/v2\/posts"}],"about":[{"href":"https:\/\/celebmagazine.de\/news\/wp-json\/wp\/v2\/types\/post"}],"author":[{"embeddable":true,"href":"https:\/\/celebmagazine.de\/news\/wp-json\/wp\/v2\/users\/17"}],"replies":[{"embeddable":true,"href":"https:\/\/celebmagazine.de\/news\/wp-json\/wp\/v2\/comments?post=289"}],"version-history":[{"count":1,"href":"https:\/\/celebmagazine.de\/news\/wp-json\/wp\/v2\/posts\/289\/revisions"}],"predecessor-version":[{"id":291,"href":"https:\/\/celebmagazine.de\/news\/wp-json\/wp\/v2\/posts\/289\/revisions\/291"}],"wp:featuredmedia":[{"embeddable":true,"href":"https:\/\/celebmagazine.de\/news\/wp-json\/wp\/v2\/media\/290"}],"wp:attachment":[{"href":"https:\/\/celebmagazine.de\/news\/wp-json\/wp\/v2\/media?parent=289"}],"wp:term":[{"taxonomy":"category","embeddable":true,"href":"https:\/\/celebmagazine.de\/news\/wp-json\/wp\/v2\/categories?post=289"},{"taxonomy":"post_tag","embeddable":true,"href":"https:\/\/celebmagazine.de\/news\/wp-json\/wp\/v2\/tags?post=289"}],"curies":[{"name":"wp","href":"https:\/\/api.w.org\/{rel}","templated":true}]}}